{"id":1490,"date":"2025-05-08T13:58:37","date_gmt":"2025-05-08T13:58:37","guid":{"rendered":"https:\/\/www.fotobreak.com\/news\/dia-del-nino.html"},"modified":"2025-05-08T13:58:37","modified_gmt":"2025-05-08T13:58:37","slug":"dia-del-nino","status":"publish","type":"post","link":"https:\/\/www.fotobreak.com\/news\/dia-del-nino.html","title":{"rendered":"\u00a1descubre el plan secreto de los unicornios para robar el d\u00eda del ni\u00f1o\u2026\u00a0\u00a1y por qu\u00e9 los ni\u00f1os exigen pizza en la jungla!"},"content":{"rendered":"<p><\/p>\n<div id='video-container' data-video-id='SCsayM7Z4xw' style='width:100%; height:auto; max-width:587px; position: relative;'>\n<div class='image-video-plugin' style='background:url(\"https:\/\/img.youtube.com\/vi\/SCsayM7Z4xw\/0.jpg\") center no-repeat; background-size: cover;'><\/div>\n<p>        <span class='youtube-play-button'><\/span><br \/>\n        <noscript><a href=\"https:\/\/www.youtube.com\/watch?v=SCsayM7Z4xw\" target=\"_blank\" rel=\"noopener\"><\/a><\/noscript>\n    <\/div>\n<p><\/p>\n<h2>\u00bfRealmente se Celebra el D\u00eda del Ni\u00f1o? Los Problemas Ocultos Detr\u00e1s de Esta Fecha<\/h2>\n<h3>El D\u00eda del Ni\u00f1o: \u00bfUna Trampa de Peluches con Derechos de Autor?<\/h3>\n<p>\u00bfAlguna vez te has preguntado si esa monta\u00f1a de juguetes <b>&#8220;de moda&#8221;<\/b> en las tiendas es realmente para celebrar a los ni\u00f1os\u2026 o para vaciar los bolsillos de los adultos? Entre globos, promociones de dulces y peluches que cantan reguet\u00f3n a las 3 AM, el <b>D\u00eda del Ni\u00f1o<\/b> parece m\u00e1s un <b>&#8220;Black Friday disfrazado de fiesta&#8221;<\/b>. Mientras los peque\u00f1os esperan un d\u00eda <b>&#8220;especial&#8221;<\/b>, los padres se transforman en zombis persiguiendo el \u00faltimo dinosaurio rob\u00f3tico de colecci\u00f3n. \u00bfCelebraci\u00f3n? O un reality show donde <b>el verdadero premio es sobrevivir a la fila del supermercado<\/b>.  <\/p>\n<h3>La Paradoja del Algod\u00f3n de Az\u00facar: Felicidad vs. Realidad<\/h3>\n<p>Detr\u00e1s del brillo de los cupcakes con sprinkles hay un elefante en la habitaci\u00f3n\u2026 y no es de peluche. Mientras algunos ni\u00f1os reciben tablets nuevas, otros ni siquiera tienen acceso a <b>agua potable o educaci\u00f3n<\/b>. \u00bfIron\u00eda? Es como si celebr\u00e1ramos el <b>D\u00eda del Unicornio<\/b> regalando pinturas a caballos comunes. La fecha, en teor\u00eda, deber\u00eda promover derechos infantiles, pero en la pr\u00e1ctica, a veces solo <b>maquilla cifras inc\u00f3modas<\/b> con un lazo de colores.  <\/p>\n<h3>La Lista de Deseos Ocultos (que nadie lee)<\/h3>\n<p>Si los ni\u00f1os escribieran *realmente* las cartas para su d\u00eda, probablemente dir\u00edan:  <\/p>\n<ul>\n<li><b>\u00abMenos tarea, m\u00e1s siestas legales\u00bb<\/b>.<\/li>\n<li><b>\u00abQue los br\u00f3colis dejen de disfrazarse de comida\u00bb<\/b>.<\/li>\n<li><b>\u00abPadres: dejen de filmar TODO para Instagram. No somos influencers\u2026 todav\u00eda\u00bb<\/b>.<\/li>\n<\/ul>\n<p>Pero en vez de eso, el sistema prefiere ignorar estos <b>&#8220;detalles&#8221;<\/b> y enfocarse en vender mochilas con luces LED. Prioridades, \u00bfverdad?  <\/p>\n<h3>\u00bfY si los Ni\u00f1os Gobernaran el D\u00eda del Ni\u00f1o?<\/h3>\n<p>Imagina un mundo donde ellos deciden: <b>helado para desayunar<\/b>, <b>clases de c\u00f3mo entrenar a tu drag\u00f3n<\/b> y <b>prohibir los calcetines con costuras molestas<\/b>. Pero no. En su lugar, los adultos repiten el gui\u00f3n de comprar, comer y publicar un story con el hashtag #Ni\u00f1osFelices. Mientras tanto, problemas como el <b>acoso escolar<\/b> o la <b>falta de recursos b\u00e1sicos<\/b> se esconden tras una pi\u00f1ata. \u00bfCelebramos avances o solo <b>cumplimos con una tradici\u00f3n inc\u00f3moda<\/b>? La respuesta podr\u00eda ser tan esquiva como un Lego perdido en la alfombra.<\/p>\n<h2>D\u00eda del Ni\u00f1o: Cr\u00edticas y Controversias Sobre su Impacto Real en la Infancia<\/h2>\n<div class='global-div-post-related-aib'><a href='\/news\/wirecutter-gardening.html' class='post-related-aib'><div class='internal-div-post-related-aib'><span class='text-post-related-aib'>You may also be interested in:<\/span>&nbsp; <span class='post-title-aib'>Unexpected heroes &amp; garden fails even your succulents judge! the definitive (and slightly unhinged) guide<\/span><\/div><\/a><\/div>\n<h3>\u00bfCelebraci\u00f3n o Carnaval del Consumismo Infantil?<\/h3>\n<p>\u00bfAlguien ha visto <b>un ni\u00f1o real<\/b> entre las monta\u00f1as de juguetes pl\u00e1sticos, globos de colores y cupcakes hiperazucarados? El D\u00eda del Ni\u00f1o, para algunos, parece haberse convertido en el <b>Black Friday de la infancia<\/b>: campa\u00f1as publicitarias agresivas, ofertas de &#8220;compre 2, lleve 3 peluches que terminar\u00e1n bajo la cama&#8221;, y padres corriendo como si el apocalipsis unicornio estuviera cerca. Mientras las tiendas venden <b>&#8220;felicidad en caja&#8221;<\/b>, cabe preguntarse: \u00bfesto realmente beneficia a los ni\u00f1os o solo al sector de los juguetes que brillan en la oscuridad (y se rompen en 3 d\u00edas)?  <\/p>\n<div class='global-div-post-related-aib'><a href='\/news\/vitamin-b6-deficiency.html' class='post-related-aib'><div class='internal-div-post-related-aib'><span class='text-post-related-aib'>You may also be interested in:<\/span>&nbsp; <span class='post-title-aib'>Missing: have you seen vitamin b6? leg cramps or secret spy codes? \ud83d\udd75\ufe0f\u2642\ufe0f\ud83d\udd0d(spoiler: it\u2019s hiding in your banana)<\/span><\/div><\/a><\/div>\n<h3>El Dilema de la &#8220;Atenci\u00f3n Selectiva&#8221;<\/h3>\n<p><b>Cr\u00edticos se\u00f1alan<\/b> que la fecha suele enfocarse en celebrar a los ni\u00f1os que ya tienen\u2026 todo. Mientras tanto, temas como:  <\/p>\n<ul>\n<li>Acceso desigual a educaci\u00f3n<\/li>\n<li>Trabajo infantil<\/li>\n<li>Maltrato sistem\u00e1tico<\/li>\n<\/ul>\n<p>\u2026quedan sepultados bajo un manto de memes tiernos y fotos de ni\u00f1os sonrientes con nuevos tablets. <b>Iron\u00eda nivel experto:<\/b> se debate si el d\u00eda deber\u00eda llamarse &#8220;D\u00eda del Ni\u00f1o Privilegiado&#8221; o &#8220;Jornada de la Culpa Parental Compensada con Regalos&#8221;.  <\/p>\n<div class='global-div-post-related-aib'><a href='\/news\/waterford-gaa-boards.html' class='post-related-aib'><div class='internal-div-post-related-aib'><span class='text-post-related-aib'>You may also be interested in:<\/span>&nbsp; <span class='post-title-aib'>Waterford gaa boards! how hurling heroes are secretly running the county (spoiler: it\u2019s all about the boards \ud83c\udfd1\ud83d\udd0d)<\/span><\/div><\/a><\/div>\n<h3>\u00bfActivismo de Hashtag o Cambio Real? Algunos Adultos Discuten\u2026 Entre Filtros de Instagram<\/h3>\n<p>En redes sociales, la fecha se llena de posts con frases como <b>#LosNi\u00f1osSonElFuturo<\/b>, acompa\u00f1adas de selfies con ni\u00f1os (propios o prestados). Sin embargo, cuando se propone discutir pol\u00edticas p\u00fablicas o redistribuci\u00f3n de recursos para la infancia vulnerable, el inter\u00e9s se esfuma m\u00e1s r\u00e1pido que un helado al sol. <b>\u00bfPrioridades?<\/b> Un usuario resumi\u00f3 el fen\u00f3meno: *&#8221;Es m\u00e1s f\u00e1cil comprar una mochila de Spider-Man que exigir escuelas dignas. \u00a1Pero la mochila queda linda en las fotos!&#8221;*.  <\/p>\n<h3>La Paradoja del &#8220;Te Amamos\u2026 Pero Solo un D\u00eda al A\u00f1o&#8221;<\/h3>\n<p>Aqu\u00ed entra el <b>absurdo estrella<\/b>: \u00bfpor qu\u00e9 dedicar 24 horas a &#8220;proteger los derechos de los ni\u00f1os&#8221; si el resto del a\u00f1o se ignoran leyes clave o se recortan programas sociales? Algunos comparan la celebraci\u00f3n con <b>&#8220;darle una piruleta a alguien en llamas&#8221;<\/b>: el gesto es dulce, pero no resuelve el incendio. Eso s\u00ed, nadie niega que los disfraces de dinosaurio y las canciones sobre amistad son un buen distractor\u2026 para los adultos que prefieren no mirar el term\u00f3metro social.<\/p>\n","protected":false},"excerpt":{"rendered":"<p>\u00bfRealmente se Celebra el D\u00eda del Ni\u00f1o? Los Problemas Ocultos Detr\u00e1s de Esta Fecha El D\u00eda del Ni\u00f1o: \u00bfUna Trampa de Peluches con Derechos de Autor? \u00bfAlguna vez te has preguntado si esa monta\u00f1a de juguetes &#8220;de moda&#8221; en las tiendas es realmente para celebrar a los ni\u00f1os\u2026 o para vaciar los bolsillos de los&hellip;&nbsp;<a href=\"https:\/\/www.fotobreak.com\/news\/dia-del-nino.html\" rel=\"bookmark\">Read More &raquo;<span class=\"screen-reader-text\">\u00a1descubre el plan secreto de los unicornios para robar el d\u00eda del ni\u00f1o\u2026\u00a0\u00a1y por qu\u00e9 los ni\u00f1os exigen pizza en la jungla!<\/span><\/a><\/p>\n","protected":false},"author":1,"featured_media":1491,"comment_status":"","ping_status":"closed","sticky":false,"template":"","format":"standard","meta":{"neve_meta_sidebar":"","neve_meta_container":"","neve_meta_enable_content_width":"","neve_meta_content_width":0,"neve_meta_title_alignment":"","neve_meta_author_avatar":"","neve_post_elements_order":"","neve_meta_disable_header":"","neve_meta_disable_footer":"","neve_meta_disable_title":"","iawp_total_views":0,"footnotes":""},"categories":[2],"tags":[],"class_list":["post-1490","post","type-post","status-publish","format-standard","has-post-thumbnail","hentry","category-news"],"_links":{"self":[{"href":"https:\/\/www.fotobreak.com\/news\/wp-json\/wp\/v2\/posts\/1490","targetHints":{"allow":["GET"]}}],"collection":[{"href":"https:\/\/www.fotobreak.com\/news\/wp-json\/wp\/v2\/posts"}],"about":[{"href":"https:\/\/www.fotobreak.com\/news\/wp-json\/wp\/v2\/types\/post"}],"author":[{"embeddable":true,"href":"https:\/\/www.fotobreak.com\/news\/wp-json\/wp\/v2\/users\/1"}],"replies":[{"embeddable":true,"href":"https:\/\/www.fotobreak.com\/news\/wp-json\/wp\/v2\/comments?post=1490"}],"version-history":[{"count":0,"href":"https:\/\/www.fotobreak.com\/news\/wp-json\/wp\/v2\/posts\/1490\/revisions"}],"wp:featuredmedia":[{"embeddable":true,"href":"https:\/\/www.fotobreak.com\/news\/wp-json\/wp\/v2\/media\/1491"}],"wp:attachment":[{"href":"https:\/\/www.fotobreak.com\/news\/wp-json\/wp\/v2\/media?parent=1490"}],"wp:term":[{"taxonomy":"category","embeddable":true,"href":"https:\/\/www.fotobreak.com\/news\/wp-json\/wp\/v2\/categories?post=1490"},{"taxonomy":"post_tag","embeddable":true,"href":"https:\/\/www.fotobreak.com\/news\/wp-json\/wp\/v2\/tags?post=1490"}],"curies":[{"name":"wp","href":"https:\/\/api.w.org\/{rel}","templated":true}]}}